{"id": 1220747547016417280, "geo": null, "lang": "en", "text": "RT @MonaFortier: Back in Ottawa this week and ready to go! We\u2019re talking all things climate change, health and safety, strengthening the mi\u2026", "user": {"id": 14260960, "url": "https://t.co/NJdKCDAm9d", "lang": null, "name": "Justin Trudeau", "id_str": "14260960", "entities": {"url": {"urls": [{"url": "https://t.co/NJdKCDAm9d", "indices": [0, 23], "display_url": "pm.gc.ca", "expanded_url": "https://pm.gc.ca/"}]}, "description": {"urls": []}}, "location": "Papineau", "verified": true, "following": true, "protected": false, "time_zone": null, "created_at": "Sun Mar 30 21:04:14 +0000 2008", "utc_offset": null, "description": "Father, husband, 23rd Prime Minister of Canada. Account run by PM & staff.\nPapa, mari, 23e premier ministre du Canada. Compte g\u00e9r\u00e9 par le PM et son personnel.", "followed_by": false, "geo_enabled": true, "screen_name": "JustinTrudeau", "listed_count": 13981, "can_media_tag": true, "friends_count": 949, "is_translator": false, "notifications": false, "statuses_count": 26940, "default_profile": false, "followers_count": 4699700, "translator_type": "none", "favourites_count": 111, "profile_image_url": "http://pbs.twimg.com/profile_images/1188901535851388929/_9nGMr9S_normal.jpg", "profile_banner_url": "https://pbs.twimg.com/profile_banners/14260960/1572291191", "profile_link_color": "B50000", "profile_text_color": "000000", "follow_request_sent": false, "contributors_enabled": false, "has_extended_profile": false, "default_profile_image": false, "is_translation_enabled": false, "profile_background_tile": false, "profile_image_url_https": "https://pbs.twimg.com/profile_images/1188901535851388929/_9nGMr9S_normal.jpg", "profile_background_color": "DBDCDD", "profile_sidebar_fill_color": "B80B0B", "profile_background_image_url": "http://abs.twimg.com/images/themes/theme1/bg.png", "profile_sidebar_border_color": "FFFFFF", "profile_use_background_image": false, "profile_background_image_url_https": "https://abs.twimg.com/images/themes/theme1/bg.png"}, "place": null, "id_str": "1220747547016417280", "source": "<a href=\"https://mobile.twitter.com\" rel=\"nofollow\">Twitter Web App</a>", "entities": {"urls": [], "symbols": [], "hashtags": [], "user_mentions": [{"id": 631988630, "name": "Mona Fortier", "id_str": "631988630", "indices": [3, 15], "screen_name": "MonaFortier"}]}, "favorited": false, "retweeted": false, "truncated": false, "created_at": "Fri Jan 24 16:37:50 +0000 2020", "coordinates": null, "contributors": null, "retweet_count": 44, "favorite_count": 0, "is_quote_status": false, "retweeted_status": {"id": 1220728933555019776, "geo": null, "lang": "en", "text": "Back in Ottawa this week and ready to go! We\u2019re talking all things climate change, health and safety, strengthening\u2026 https://t.co/8LVJ67skvx", "user": {"id": 631988630, "url": "https://t.co/5FTGv1w99P", "lang": null, "name": "Mona Fortier", "id_str": "631988630", "entities": {"url": {"urls": [{"url": "https://t.co/5FTGv1w99P", "indices": [0, 23], "display_url": "monafortier.liberal.ca", "expanded_url": "http://monafortier.liberal.ca/"}]}, "description": {"urls": []}}, "location": "Ottawa", "verified": true, "following": false, "protected": false, "time_zone": null, "created_at": "Tue Jul 10 13:40:29 +0000 2012", "utc_offset": null, "description": "Min. Middle Class Prosperity & Associate Min. of Finance | Min. de la Prosp\u00e9rit\u00e9 de la classe moyenne et min. associ\u00e9e des Finances - D\u00e9put\u00e9e/MP Ottawa-Vanier", "followed_by": false, "geo_enabled": true, "screen_name": "MonaFortier", "listed_count": 131, "can_media_tag": true, "friends_count": 2097, "is_translator": false, "notifications": false, "statuses_count": 4133, "default_profile": false, "followers_count": 6940, "translator_type": "none", "favourites_count": 6266, "profile_image_url": "http://pbs.twimg.com/profile_images/1040390862038032386/_G2ztOSP_normal.jpg", "profile_banner_url": "https://pbs.twimg.com/profile_banners/631988630/1568835084", "profile_link_color": "E81C4F", "profile_text_color": "000000", "follow_request_sent": false, "contributors_enabled": false, "has_extended_profile": true, "default_profile_image": false, "is_translation_enabled": false, "profile_background_tile": false, "profile_image_url_https": "https://pbs.twimg.com/profile_images/1040390862038032386/_G2ztOSP_normal.jpg", "profile_background_color": "000000", "profile_sidebar_fill_color": "000000", "profile_background_image_url": "http://abs.twimg.com/images/themes/theme1/bg.png", "profile_sidebar_border_color": "000000", "profile_use_background_image": false, "profile_background_image_url_https": "https://abs.twimg.com/images/themes/theme1/bg.png"}, "place": null, "id_str": "1220728933555019776", "source": "<a href=\"http://twitter.com/download/iphone\" rel=\"nofollow\">Twitter for iPhone</a>", "entities": {"urls": [{"url": "https://t.co/8LVJ67skvx", "indices": [117, 140], "display_url": "twitter.com/i/web/status/1\u2026", "expanded_url": "https://twitter.com/i/web/status/1220728933555019776"}], "symbols": [], "hashtags": [], "user_mentions": []}, "favorited": false, "retweeted": false, "truncated": true, "created_at": "Fri Jan 24 15:23:52 +0000 2020", "coordinates": null, "contributors": null, "retweet_count": 44, "favorite_count": 176, "is_quote_status": false, "possibly_sensitive": false, "in_reply_to_user_id": null, "in_reply_to_status_id": null, "in_reply_to_screen_name": null, "in_reply_to_user_id_str": null, "in_reply_to_status_id_str": null}, "in_reply_to_user_id": null, "in_reply_to_status_id": null, "in_reply_to_screen_name": null, "in_reply_to_user_id_str": null, "in_reply_to_status_id_str": null}