{"id": 1142155909424177152, "geo": null, "lang": "fr", "text": "RT @Val_Plante: Aujourd'hui, on fait un pas de plus vers la r\u00e9conciliation entre la @MTL_Ville et les peuples autochtones. La rue Amherst d\u2026", "user": {"id": 14260960, "url": "https://t.co/wbkAcy1QE7", "lang": null, "name": "Justin Trudeau", "id_str": "14260960", "entities": {"url": {"urls": [{"url": "https://t.co/wbkAcy1QE7", "indices": [0, 23], "display_url": "pm.gc.ca", "expanded_url": "http://pm.gc.ca"}]}, "description": {"urls": []}}, "location": "Papineau", "verified": true, "following": true, "protected": false, "time_zone": null, "created_at": "Sun Mar 30 21:04:14 +0000 2008", "utc_offset": null, "description": "Account run by the 23rd Prime Minister of Canada and staff\u2026 Compte g\u00e9r\u00e9 par le 23e premier ministre du Canada et personnel.", "geo_enabled": true, "screen_name": "JustinTrudeau", "listed_count": 13535, "friends_count": 954, "is_translator": false, "notifications": false, "statuses_count": 23958, "default_profile": false, "followers_count": 4527093, "translator_type": "none", "favourites_count": 69, "profile_image_url": "http://pbs.twimg.com/profile_images/1049800491381665792/roFCXYgS_normal.jpg", "profile_banner_url": "https://pbs.twimg.com/profile_banners/14260960/1543003816", "profile_link_color": "B50000", "profile_text_color": "000000", "follow_request_sent": false, "contributors_enabled": false, "has_extended_profile": false, "default_profile_image": false, "is_translation_enabled": false, "profile_background_tile": false, "profile_image_url_https": "https://pbs.twimg.com/profile_images/1049800491381665792/roFCXYgS_normal.jpg", "profile_background_color": "DBDCDD", "profile_sidebar_fill_color": "B80B0B", "profile_background_image_url": "http://abs.twimg.com/images/themes/theme1/bg.png", "profile_sidebar_border_color": "FFFFFF", "profile_use_background_image": false, "profile_background_image_url_https": "https://abs.twimg.com/images/themes/theme1/bg.png"}, "place": null, "id_str": "1142155909424177152", "source": "<a href=\"http://twitter.com\" rel=\"nofollow\">Twitter Web Client</a>", "entities": {"urls": [], "symbols": [], "hashtags": [], "user_mentions": [{"id": 46435756, "name": "Val\u00e9rie Plante", "id_str": "46435756", "indices": [3, 14], "screen_name": "Val_Plante"}, {"id": 319225490, "name": "Ville de Montr\u00e9al", "id_str": "319225490", "indices": [84, 94], "screen_name": "MTL_Ville"}]}, "favorited": false, "retweeted": false, "truncated": false, "created_at": "Fri Jun 21 19:42:43 +0000 2019", "coordinates": null, "contributors": null, "retweet_count": 313, "favorite_count": 0, "is_quote_status": false, "retweeted_status": {"id": 1142057307590811648, "geo": null, "lang": "fr", "text": "Aujourd'hui, on fait un pas de plus vers la r\u00e9conciliation entre la @MTL_Ville et les peuples autochtones. La rue A\u2026 https://t.co/PAq5jIqWQ2", "user": {"id": 46435756, "url": null, "lang": null, "name": "Val\u00e9rie Plante", "id_str": "46435756", "entities": {"description": {"urls": []}}, "location": "", "verified": true, "following": false, "protected": false, "time_zone": null, "created_at": "Thu Jun 11 17:16:42 +0000 2009", "utc_offset": null, "description": "Mairesse de Montr\u00e9al, cheffe de @projetmontreal, amoureuse de Montr\u00e9al #polmtl Compte g\u00e9r\u00e9 par mon \u00e9quipe et moi-m\u00eame.", "geo_enabled": true, "screen_name": "Val_Plante", "listed_count": 352, "friends_count": 1597, "is_translator": false, "notifications": false, "statuses_count": 6218, "default_profile": false, "followers_count": 54803, "translator_type": "none", "favourites_count": 6532, "profile_image_url": "http://pbs.twimg.com/profile_images/1136455202071072768/i3_2Rj9w_normal.jpg", "profile_banner_url": "https://pbs.twimg.com/profile_banners/46435756/1560461546", "profile_link_color": "D02B55", "profile_text_color": "3E4415", "follow_request_sent": false, "contributors_enabled": false, "has_extended_profile": false, "default_profile_image": false, "is_translation_enabled": false, "profile_background_tile": false, "profile_image_url_https": "https://pbs.twimg.com/profile_images/1136455202071072768/i3_2Rj9w_normal.jpg", "profile_background_color": "352726", "profile_sidebar_fill_color": "99CC33", "profile_background_image_url": "http://abs.twimg.com/images/themes/theme5/bg.gif", "profile_sidebar_border_color": "829D5E", "profile_use_background_image": true, "profile_background_image_url_https": "https://abs.twimg.com/images/themes/theme5/bg.gif"}, "place": {"id": "36775d842cbec509", "url": "https://api.twitter.com/1.1/geo/id/36775d842cbec509.json", "name": "Montr\u00e9al", "country": "Canada", "full_name": "Montr\u00e9al, Qu\u00e9bec", "attributes": {}, "place_type": "city", "bounding_box": {"type": "Polygon", "coordinates": [[[-73.972965, 45.410095], [-73.473085, 45.410095], [-73.473085, 45.705566], [-73.972965, 45.705566]]]}, "country_code": "CA", "contained_within": []}, "id_str": "1142057307590811648", "source": "<a href=\"http://twitter.com\" rel=\"nofollow\">Twitter Web Client</a>", "entities": {"urls": [{"url": "https://t.co/PAq5jIqWQ2", "indices": [117, 140], "display_url": "twitter.com/i/web/status/1\u2026", "expanded_url": "https://twitter.com/i/web/status/1142057307590811648"}], "symbols": [], "hashtags": [], "user_mentions": [{"id": 319225490, "name": "Ville de Montr\u00e9al", "id_str": "319225490", "indices": [68, 78], "screen_name": "MTL_Ville"}]}, "favorited": false, "retweeted": false, "truncated": true, "created_at": "Fri Jun 21 13:10:55 +0000 2019", "coordinates": null, "contributors": null, "retweet_count": 313, "favorite_count": 1246, "is_quote_status": false, "possibly_sensitive": false, "in_reply_to_user_id": null, "in_reply_to_status_id": null, "in_reply_to_screen_name": null, "in_reply_to_user_id_str": null, "in_reply_to_status_id_str": null}, "in_reply_to_user_id": null, "in_reply_to_status_id": null, "in_reply_to_screen_name": null, "in_reply_to_user_id_str": null, "in_reply_to_status_id_str": null}