{"id": 1129029152953311233, "geo": null, "lang": "fr", "text": "RT @Quebec_FR: La d\u00e9l\u00e9gu\u00e9e g\u00e9n\u00e9rale du Qu\u00e9bec, Mich\u00e8le Boisvert, accueille le Premier ministre @JustinTrudeau, le ministre @NavdeepSBains e\u2026", "user": {"id": 14260960, "url": "https://t.co/wbkAcy1QE7", "lang": null, "name": "Justin Trudeau", "id_str": "14260960", "entities": {"url": {"urls": [{"url": "https://t.co/wbkAcy1QE7", "indices": [0, 23], "display_url": "pm.gc.ca", "expanded_url": "http://pm.gc.ca"}]}, "description": {"urls": []}}, "location": "Papineau", "verified": true, "following": true, "protected": false, "time_zone": null, "created_at": "Sun Mar 30 21:04:14 +0000 2008", "utc_offset": null, "description": "Account run by the 23rd Prime Minister of Canada and staff\u2026 Compte g\u00e9r\u00e9 par le 23e premier ministre du Canada et personnel.", "geo_enabled": true, "screen_name": "JustinTrudeau", "listed_count": 13522, "friends_count": 955, "is_translator": false, "notifications": false, "statuses_count": 23328, "default_profile": false, "followers_count": 4495782, "translator_type": "none", "favourites_count": 69, "profile_image_url": "http://pbs.twimg.com/profile_images/1049800491381665792/roFCXYgS_normal.jpg", "profile_banner_url": "https://pbs.twimg.com/profile_banners/14260960/1543003816", "profile_link_color": "B50000", "profile_text_color": "000000", "follow_request_sent": false, "contributors_enabled": false, "has_extended_profile": false, "default_profile_image": false, "is_translation_enabled": false, "profile_background_tile": false, "profile_image_url_https": "https://pbs.twimg.com/profile_images/1049800491381665792/roFCXYgS_normal.jpg", "profile_background_color": "DBDCDD", "profile_sidebar_fill_color": "B80B0B", "profile_background_image_url": "http://abs.twimg.com/images/themes/theme1/bg.png", "profile_sidebar_border_color": "FFFFFF", "profile_use_background_image": false, "profile_background_image_url_https": "https://abs.twimg.com/images/themes/theme1/bg.png"}, "place": null, "id_str": "1129029152953311233", "source": "<a href=\"http://twitter.com\" rel=\"nofollow\">Twitter Web Client</a>", "entities": {"urls": [], "symbols": [], "hashtags": [], "user_mentions": [{"id": 195881344, "name": "Qu\u00e9bec en France", "id_str": "195881344", "indices": [3, 13], "screen_name": "Quebec_FR"}, {"id": 14260960, "name": "Justin Trudeau", "id_str": "14260960", "indices": [95, 109], "screen_name": "JustinTrudeau"}, {"id": 234395010, "name": "Navdeep Bains", "id_str": "234395010", "indices": [123, 137], "screen_name": "NavdeepSBains"}]}, "favorited": false, "retweeted": false, "truncated": false, "created_at": "Thu May 16 14:21:41 +0000 2019", "coordinates": null, "contributors": null, "retweet_count": 45, "favorite_count": 0, "is_quote_status": false, "retweeted_status": {"id": 1128966460766863360, "geo": null, "lang": "fr", "text": "La d\u00e9l\u00e9gu\u00e9e g\u00e9n\u00e9rale du Qu\u00e9bec, Mich\u00e8le Boisvert, accueille le Premier ministre @JustinTrudeau, le ministre\u2026 https://t.co/9V147fefnP", "user": {"id": 195881344, "url": "http://t.co/5KyVQmtufZ", "lang": null, "name": "Qu\u00e9bec en France", "id_str": "195881344", "entities": {"url": {"urls": [{"url": "http://t.co/5KyVQmtufZ", "indices": [0, 22], "display_url": "quebec.fr", "expanded_url": "http://www.quebec.fr"}]}, "description": {"urls": []}}, "location": "Paris, France", "verified": true, "following": false, "protected": false, "time_zone": null, "created_at": "Mon Sep 27 20:13:00 +0000 2010", "utc_offset": null, "description": "D\u00e9l\u00e9gation g\u00e9n\u00e9rale du Qu\u00e9bec \u00e0 Paris, la repr\u00e9sentation diplomatique du Qu\u00e9bec en France. Les tweets de la d\u00e9l\u00e9gu\u00e9e g\u00e9n\u00e9rale, Mich\u00e8le Boisvert, sont sign\u00e9s MB.", "geo_enabled": true, "screen_name": "Quebec_FR", "listed_count": 245, "friends_count": 2768, "is_translator": false, "notifications": false, "statuses_count": 16324, "default_profile": false, "followers_count": 10245, "translator_type": "regular", "favourites_count": 7225, "profile_image_url": "http://pbs.twimg.com/profile_images/963394821120577536/WcGczLrI_normal.jpg", "profile_banner_url": "https://pbs.twimg.com/profile_banners/195881344/1453212011", "profile_link_color": "1AA7D2", "profile_text_color": "FAFEFF", "follow_request_sent": false, "contributors_enabled": false, "has_extended_profile": false, "default_profile_image": false, "is_translation_enabled": false, "profile_background_tile": false, "profile_image_url_https": "https://pbs.twimg.com/profile_images/963394821120577536/WcGczLrI_normal.jpg", "profile_background_color": "0C283F", "profile_sidebar_fill_color": "182757", "profile_background_image_url": "http://abs.twimg.com/images/themes/theme1/bg.png", "profile_sidebar_border_color": "FFFFFF", "profile_use_background_image": true, "profile_background_image_url_https": "https://abs.twimg.com/images/themes/theme1/bg.png"}, "place": null, "id_str": "1128966460766863360", "source": "<a href=\"http://twitter.com/download/iphone\" rel=\"nofollow\">Twitter for iPhone</a>", "entities": {"urls": [{"url": "https://t.co/9V147fefnP", "indices": [109, 132], "display_url": "twitter.com/i/web/status/1\u2026", "expanded_url": "https://twitter.com/i/web/status/1128966460766863360"}], "symbols": [], "hashtags": [], "user_mentions": [{"id": 14260960, "name": "Justin Trudeau", "id_str": "14260960", "indices": [80, 94], "screen_name": "JustinTrudeau"}]}, "favorited": false, "retweeted": false, "truncated": true, "created_at": "Thu May 16 10:12:34 +0000 2019", "coordinates": null, "contributors": null, "retweet_count": 45, "favorite_count": 195, "is_quote_status": false, "possibly_sensitive": false, "in_reply_to_user_id": null, "in_reply_to_status_id": null, "in_reply_to_screen_name": null, "in_reply_to_user_id_str": null, "in_reply_to_status_id_str": null}, "in_reply_to_user_id": null, "in_reply_to_status_id": null, "in_reply_to_screen_name": null, "in_reply_to_user_id_str": null, "in_reply_to_status_id_str": null}