{"id": 842345244872081409, "geo": null, "lang": "es", "text": "RT @albertoespina: La CAM se adjudic\u00f3 la quema d 17 camiones y el gob. dice q no es una organizaci\u00f3n terrorista. Que es , una organizaci\u00f3n\u2026", "user": {"id": 13623532, "url": "https://t.co/gJVkwLoQRm", "lang": null, "name": "Sebastian Pi\u00f1era", "id_str": "13623532", "entities": {"url": {"urls": [{"url": "https://t.co/gJVkwLoQRm", "indices": [0, 23], "display_url": "Facebook.com/sebastianpiner\u2026", "expanded_url": "http://Facebook.com/sebastianpinerapresidente"}]}, "description": {"urls": []}}, "location": "Chile", "verified": true, "following": true, "protected": false, "time_zone": null, "created_at": "Mon Feb 18 13:59:12 +0000 2008", "utc_offset": null, "description": "Presidente de la Rep\u00fablica de Chile. Junto a @CeciliaMorel, padres de 4 y abuelos de 11. Impulsando un #ChileEnMarcha.", "geo_enabled": true, "screen_name": "sebastianpinera", "listed_count": 10106, "friends_count": 20447, "is_translator": false, "notifications": false, "statuses_count": 3919, "default_profile": false, "followers_count": 2283285, "translator_type": "regular", "favourites_count": 1985, "profile_image_url": "http://pbs.twimg.com/profile_images/1027651734594830336/DjVUoNl9_normal.jpg", "profile_banner_url": "https://pbs.twimg.com/profile_banners/13623532/1542145223", "profile_link_color": "F6A200", "profile_text_color": "333333", "follow_request_sent": false, "contributors_enabled": false, "has_extended_profile": false, "default_profile_image": false, "is_translation_enabled": false, "profile_background_tile": false, "profile_image_url_https": "https://pbs.twimg.com/profile_images/1027651734594830336/DjVUoNl9_normal.jpg", "profile_background_color": "FFFFFF", "profile_sidebar_fill_color": "FFFFFF", "profile_background_image_url": "http://abs.twimg.com/images/themes/theme1/bg.png", "profile_sidebar_border_color": "FFFFFF", "profile_use_background_image": true, "profile_background_image_url_https": "https://abs.twimg.com/images/themes/theme1/bg.png"}, "place": null, "id_str": "842345244872081409", "source": "<a href=\"http://twitter.com/download/iphone\" rel=\"nofollow\">Twitter for iPhone</a>", "entities": {"urls": [], "symbols": [], "hashtags": [], "user_mentions": [{"id": 227919300, "name": "Alberto Espina Otero", "id_str": "227919300", "indices": [3, 17], "screen_name": "albertoespina"}]}, "favorited": false, "retweeted": false, "truncated": false, "created_at": "Thu Mar 16 12:02:11 +0000 2017", "coordinates": null, "contributors": null, "retweet_count": 428, "favorite_count": 0, "is_quote_status": false, "retweeted_status": {"id": 842114296708489219, "geo": null, "lang": "es", "text": "La CAM se adjudic\u00f3 la quema d 17 camiones y el gob. dice q no es una organizaci\u00f3n terrorista. Que es , una organizaci\u00f3n de beneficencia ?", "user": {"id": 227919300, "url": "https://t.co/cZTrosUp9C", "lang": null, "name": "Alberto Espina Otero", "id_str": "227919300", "entities": {"url": {"urls": [{"url": "https://t.co/cZTrosUp9C", "indices": [0, 23], "display_url": "defensa.cl", "expanded_url": "http://www.defensa.cl/"}]}, "description": {"urls": []}}, "location": "Chile", "verified": true, "following": false, "protected": false, "time_zone": null, "created_at": "Sat Dec 18 05:39:20 +0000 2010", "utc_offset": null, "description": "Ministro de Defensa Nacional del Gobierno del Presidente @sebastianpinera\n#ChileEnMarcha | Instagram: @alberto_espina", "geo_enabled": true, "screen_name": "albertoespina", "listed_count": 590, "friends_count": 1734, "is_translator": false, "notifications": false, "statuses_count": 7930, "default_profile": false, "followers_count": 118075, "translator_type": "none", "favourites_count": 1425, "profile_image_url": "http://pbs.twimg.com/profile_images/1128284845824671744/4TnfvFAm_normal.jpg", "profile_banner_url": "https://pbs.twimg.com/profile_banners/227919300/1538835973", "profile_link_color": "0084B4", "profile_text_color": "333333", "follow_request_sent": false, "contributors_enabled": false, "has_extended_profile": true, "default_profile_image": false, "is_translation_enabled": false, "profile_background_tile": false, "profile_image_url_https": "https://pbs.twimg.com/profile_images/1128284845824671744/4TnfvFAm_normal.jpg", "profile_background_color": "022330", "profile_sidebar_fill_color": "C0DFEC", "profile_background_image_url": "http://abs.twimg.com/images/themes/theme15/bg.png", "profile_sidebar_border_color": "A8C7F7", "profile_use_background_image": true, "profile_background_image_url_https": "https://abs.twimg.com/images/themes/theme15/bg.png"}, "place": null, "id_str": "842114296708489219", "source": "<a href=\"http://twitter.com/download/iphone\" rel=\"nofollow\">Twitter for iPhone</a>", "entities": {"urls": [], "symbols": [], "hashtags": [], "user_mentions": []}, "favorited": false, "retweeted": false, "truncated": false, "created_at": "Wed Mar 15 20:44:28 +0000 2017", "coordinates": null, "contributors": null, "retweet_count": 428, "favorite_count": 483, "is_quote_status": false, "in_reply_to_user_id": null, "in_reply_to_status_id": null, "in_reply_to_screen_name": null, "in_reply_to_user_id_str": null, "in_reply_to_status_id_str": null}, "in_reply_to_user_id": null, "in_reply_to_status_id": null, "in_reply_to_screen_name": null, "in_reply_to_user_id_str": null, "in_reply_to_status_id_str": null}