{"id": 839459156876791809, "geo": null, "lang": "es", "text": "RT @KarlaEnAccion: Uno tiene derecho a tener sus propias opiniones pero NO sus propios n\u00fameros Ministra @paulanarvaezo! https://t.co/Tx4eEM\u2026", "user": {"id": 13623532, "url": "https://t.co/gJVkwLoQRm", "lang": null, "name": "Sebastian Pi\u00f1era", "id_str": "13623532", "entities": {"url": {"urls": [{"url": "https://t.co/gJVkwLoQRm", "indices": [0, 23], "display_url": "Facebook.com/sebastianpiner\u2026", "expanded_url": "http://Facebook.com/sebastianpinerapresidente"}]}, "description": {"urls": []}}, "location": "Chile", "verified": true, "following": true, "protected": false, "time_zone": null, "created_at": "Mon Feb 18 13:59:12 +0000 2008", "utc_offset": null, "description": "Presidente de la Rep\u00fablica de Chile. Junto a @CeciliaMorel, padres de 4 y abuelos de 11. Impulsando un #ChileEnMarcha.", "geo_enabled": true, "screen_name": "sebastianpinera", "listed_count": 10106, "friends_count": 20447, "is_translator": false, "notifications": false, "statuses_count": 3919, "default_profile": false, "followers_count": 2283285, "translator_type": "regular", "favourites_count": 1985, "profile_image_url": "http://pbs.twimg.com/profile_images/1027651734594830336/DjVUoNl9_normal.jpg", "profile_banner_url": "https://pbs.twimg.com/profile_banners/13623532/1542145223", "profile_link_color": "F6A200", "profile_text_color": "333333", "follow_request_sent": false, "contributors_enabled": false, "has_extended_profile": false, "default_profile_image": false, "is_translation_enabled": false, "profile_background_tile": false, "profile_image_url_https": "https://pbs.twimg.com/profile_images/1027651734594830336/DjVUoNl9_normal.jpg", "profile_background_color": "FFFFFF", "profile_sidebar_fill_color": "FFFFFF", "profile_background_image_url": "http://abs.twimg.com/images/themes/theme1/bg.png", "profile_sidebar_border_color": "FFFFFF", "profile_use_background_image": true, "profile_background_image_url_https": "https://abs.twimg.com/images/themes/theme1/bg.png"}, "place": null, "id_str": "839459156876791809", "source": "<a href=\"http://twitter.com/download/iphone\" rel=\"nofollow\">Twitter for iPhone</a>", "entities": {"urls": [], "symbols": [], "hashtags": [], "user_mentions": [{"id": 59145115, "name": "Karla Rubilar Barahona", "id_str": "59145115", "indices": [3, 17], "screen_name": "KarlaEnAccion"}, {"id": 814966194914652160, "name": "Paula Narv\u00e1ez", "id_str": "814966194914652160", "indices": [104, 118], "screen_name": "paulanarvaezo"}]}, "favorited": false, "retweeted": false, "truncated": false, "created_at": "Wed Mar 08 12:53:54 +0000 2017", "coordinates": null, "contributors": null, "retweet_count": 57, "favorite_count": 0, "is_quote_status": true, "quoted_status_id": 839455597376516102, "retweeted_status": {"id": 839458426803662848, "geo": null, "lang": "es", "text": "Uno tiene derecho a tener sus propias opiniones pero NO sus propios n\u00fameros Ministra @paulanarvaezo! https://t.co/Tx4eEMCck0", "user": {"id": 59145115, "url": "https://t.co/UDo6lc8OGN", "lang": null, "name": "Karla Rubilar Barahona", "id_str": "59145115", "entities": {"url": {"urls": [{"url": "https://t.co/UDo6lc8OGN", "indices": [0, 23], "display_url": "intendenciametropolitana.gov.cl", "expanded_url": "http://intendenciametropolitana.gov.cl"}]}, "description": {"urls": []}}, "location": "Chile", "verified": true, "following": false, "protected": false, "time_zone": null, "created_at": "Wed Jul 22 14:51:24 +0000 2009", "utc_offset": null, "description": "M\u00e9dico y acupunturista e Intendenta de la #RMdeTodos! Mam\u00e1 de 4 maravillosos hijos y fan\u00e1tica de la comida chilena y el karaoke. Fui, soy y ser\u00e9 Pi\u00f1erista \ud83c\udde8\ud83c\uddf1", "geo_enabled": true, "screen_name": "KarlaEnAccion", "listed_count": 726, "friends_count": 6820, "is_translator": false, "notifications": false, "statuses_count": 55029, "default_profile": false, "followers_count": 126202, "translator_type": "none", "favourites_count": 12327, "profile_image_url": "http://pbs.twimg.com/profile_images/1129773855235612672/nj_pxY1I_normal.jpg", "profile_banner_url": "https://pbs.twimg.com/profile_banners/59145115/1568719484", "profile_link_color": "1B95E0", "profile_text_color": "333333", "follow_request_sent": false, "contributors_enabled": false, "has_extended_profile": true, "default_profile_image": false, "is_translation_enabled": false, "profile_background_tile": false, "profile_image_url_https": "https://pbs.twimg.com/profile_images/1129773855235612672/nj_pxY1I_normal.jpg", "profile_background_color": "FFFFFF", "profile_sidebar_fill_color": "DDEEF6", "profile_background_image_url": "http://abs.twimg.com/images/themes/theme1/bg.png", "profile_sidebar_border_color": "FFFFFF", "profile_use_background_image": true, "profile_background_image_url_https": "https://abs.twimg.com/images/themes/theme1/bg.png"}, "place": null, "id_str": "839458426803662848", "source": "<a href=\"http://twitter.com/download/android\" rel=\"nofollow\">Twitter for Android</a>", "entities": {"urls": [{"url": "https://t.co/Tx4eEMCck0", "indices": [101, 124], "display_url": "twitter.com/isabelpla/stat\u2026", "expanded_url": "https://twitter.com/isabelpla/status/839455597376516102"}], "symbols": [], "hashtags": [], "user_mentions": [{"id": 814966194914652160, "name": "Paula Narv\u00e1ez", "id_str": "814966194914652160", "indices": [85, 99], "screen_name": "paulanarvaezo"}]}, "favorited": false, "retweeted": false, "truncated": false, "created_at": "Wed Mar 08 12:50:59 +0000 2017", "coordinates": null, "contributors": null, "quoted_status": {"id": 839455597376516102, "geo": null, "lang": "es", "text": "Error Ministra Vocera en elmer. Participaci\u00f3n laboral mujeres sube 44% a 48% en Gobierno @sebastianpinera. Estancada desde marzo 2014 (INE)", "user": {"id": 44980318, "url": null, "lang": null, "name": "Isabel Pl\u00e1 Jarufe", "id_str": "44980318", "entities": {"description": {"urls": []}}, "location": "Santiago de Chile", "verified": true, "following": false, "protected": false, "time_zone": null, "created_at": "Fri Jun 05 19:59:36 +0000 2009", "utc_offset": null, "description": "Ministra de la Mujer y la Equidad de G\u00e9nero, en el Gobierno del Presidente Sebasti\u00e1n Pi\u00f1era #Chile #Runner #SoyDonante.", "geo_enabled": true, "screen_name": "isabelpla", "listed_count": 246, "friends_count": 1091, "is_translator": false, "notifications": false, "statuses_count": 50277, "default_profile": false, "followers_count": 37335, "translator_type": "none", "favourites_count": 13004, "profile_image_url": "http://pbs.twimg.com/profile_images/1113814825514225665/HIaH-AjS_normal.jpg", "profile_banner_url": "https://pbs.twimg.com/profile_banners/44980318/1549994388", "profile_link_color": "FF3349", "profile_text_color": "333333", "follow_request_sent": false, "contributors_enabled": false, "has_extended_profile": true, "default_profile_image": false, "is_translation_enabled": false, "profile_background_tile": true, "profile_image_url_https": "https://pbs.twimg.com/profile_images/1113814825514225665/HIaH-AjS_normal.jpg", "profile_background_color": "C0DEED", "profile_sidebar_fill_color": "DDEEF6", "profile_background_image_url": "http://abs.twimg.com/images/themes/theme1/bg.png", "profile_sidebar_border_color": "C0DEED", "profile_use_background_image": true, "profile_background_image_url_https": "https://abs.twimg.com/images/themes/theme1/bg.png"}, "place": null, "id_str": "839455597376516102", "source": "<a href=\"http://twitter.com\" rel=\"nofollow\">Twitter Web Client</a>", "entities": {"urls": [], "symbols": [], "hashtags": [], "user_mentions": [{"id": 13623532, "name": "Sebastian Pi\u00f1era", "id_str": "13623532", "indices": [89, 105], "screen_name": "sebastianpinera"}]}, "favorited": false, "retweeted": false, "truncated": false, "created_at": "Wed Mar 08 12:39:45 +0000 2017", "coordinates": null, "contributors": null, "retweet_count": 98, "favorite_count": 54, "is_quote_status": false, "in_reply_to_user_id": null, "in_reply_to_status_id": null, "in_reply_to_screen_name": null, "in_reply_to_user_id_str": null, "in_reply_to_status_id_str": null}, "retweet_count": 57, "favorite_count": 93, "is_quote_status": true, "quoted_status_id": 839455597376516102, "possibly_sensitive": false, "in_reply_to_user_id": null, "quoted_status_id_str": "839455597376516102", "in_reply_to_status_id": null, "in_reply_to_screen_name": null, "in_reply_to_user_id_str": null, "in_reply_to_status_id_str": null}, "in_reply_to_user_id": null, "quoted_status_id_str": "839455597376516102", "in_reply_to_status_id": null, "in_reply_to_screen_name": null, "in_reply_to_user_id_str": null, "in_reply_to_status_id_str": null}