{"id": 309038704750645250, "geo": null, "lang": "es", "text": "RT @INJUVCHILE: Primera Dama @ceciliamorel y ministras invitan a celebrar el d\u00eda de la Mujer http://t.co/6MaTeUO387 (v\u00eda @avanzacontodos )", "user": {"id": 13623532, "url": "https://t.co/gJVkwLoQRm", "lang": null, "name": "Sebastian Pi\u00f1era", "id_str": "13623532", "entities": {"url": {"urls": [{"url": "https://t.co/gJVkwLoQRm", "indices": [0, 23], "display_url": "Facebook.com/sebastianpiner\u2026", "expanded_url": "http://Facebook.com/sebastianpinerapresidente"}]}, "description": {"urls": []}}, "location": "Chile", "verified": true, "following": true, "protected": false, "time_zone": null, "created_at": "Mon Feb 18 13:59:12 +0000 2008", "utc_offset": null, "description": "Presidente de la Rep\u00fablica de Chile. Junto a @CeciliaMorel, padres de 4 y abuelos de 11. Impulsando un #ChileEnMarcha.", "geo_enabled": true, "screen_name": "sebastianpinera", "listed_count": 10106, "friends_count": 20447, "is_translator": false, "notifications": false, "statuses_count": 3919, "default_profile": false, "followers_count": 2283285, "translator_type": "regular", "favourites_count": 1985, "profile_image_url": "http://pbs.twimg.com/profile_images/1027651734594830336/DjVUoNl9_normal.jpg", "profile_banner_url": "https://pbs.twimg.com/profile_banners/13623532/1542145223", "profile_link_color": "F6A200", "profile_text_color": "333333", "follow_request_sent": false, "contributors_enabled": false, "has_extended_profile": false, "default_profile_image": false, "is_translation_enabled": false, "profile_background_tile": false, "profile_image_url_https": "https://pbs.twimg.com/profile_images/1027651734594830336/DjVUoNl9_normal.jpg", "profile_background_color": "FFFFFF", "profile_sidebar_fill_color": "FFFFFF", "profile_background_image_url": "http://abs.twimg.com/images/themes/theme1/bg.png", "profile_sidebar_border_color": "FFFFFF", "profile_use_background_image": true, "profile_background_image_url_https": "https://abs.twimg.com/images/themes/theme1/bg.png"}, "place": null, "id_str": "309038704750645250", "source": "<a href=\"http://twitter.com\" rel=\"nofollow\">Twitter Web Client</a>", "entities": {"urls": [{"url": "http://t.co/6MaTeUO387", "indices": [93, 115], "display_url": "chileavanzacontodos.cl/videos/primera\u2026", "expanded_url": "http://www.chileavanzacontodos.cl/videos/primera-dama-invita-a-las-mujeres-a-celebrar/index.html"}], "symbols": [], "hashtags": [], "user_mentions": [{"id": 59179487, "name": "INJUV #VamosAMil", "id_str": "59179487", "indices": [3, 14], "screen_name": "InjuvChile"}, {"id": 48747680, "name": "Cecilia Morel Montes", "id_str": "48747680", "indices": [29, 42], "screen_name": "ceciliamorel"}, {"id": 407810042, "name": "ChileAvanzaConTodos", "id_str": "407810042", "indices": [121, 136], "screen_name": "avanzacontodos"}]}, "favorited": false, "retweeted": false, "truncated": false, "created_at": "Tue Mar 05 20:32:23 +0000 2013", "coordinates": null, "contributors": null, "retweet_count": 21, "favorite_count": 0, "is_quote_status": false, "retweeted_status": {"id": 308648011725160448, "geo": null, "lang": "es", "text": "Primera Dama @ceciliamorel y ministras invitan a celebrar el d\u00eda de la Mujer http://t.co/6MaTeUO387 (v\u00eda @avanzacontodos )", "user": {"id": 59179487, "url": "https://t.co/Hg4AqrxpNx", "lang": null, "name": "INJUV #VamosAMil", "id_str": "59179487", "entities": {"url": {"urls": [{"url": "https://t.co/Hg4AqrxpNx", "indices": [0, 23], "display_url": "injuv.gob.cl", "expanded_url": "http://www.injuv.gob.cl"}]}, "description": {"urls": []}}, "location": "Chile", "verified": true, "following": false, "protected": false, "time_zone": null, "created_at": "Wed Jul 22 16:58:44 +0000 2009", "utc_offset": null, "description": "Twitter oficial del Instituto Nacional de la Juventud INJUV. Ministerio de Desarrollo Social y Familia. Director Nacional @mirkosalfate Subdirectora @mjjaqueih", "geo_enabled": true, "screen_name": "InjuvChile", "listed_count": 393, "friends_count": 7670, "is_translator": false, "notifications": false, "statuses_count": 50565, "default_profile": false, "followers_count": 100499, "translator_type": "none", "favourites_count": 17152, "profile_image_url": "http://pbs.twimg.com/profile_images/1181232922956849152/rF7XHDQw_normal.jpg", "profile_banner_url": "https://pbs.twimg.com/profile_banners/59179487/1570021659", "profile_link_color": "1B95E0", "profile_text_color": "333333", "follow_request_sent": false, "contributors_enabled": false, "has_extended_profile": false, "default_profile_image": false, "is_translation_enabled": false, "profile_background_tile": false, "profile_image_url_https": "https://pbs.twimg.com/profile_images/1181232922956849152/rF7XHDQw_normal.jpg", "profile_background_color": "F2F2F2", "profile_sidebar_fill_color": "DDEEF6", "profile_background_image_url": "http://abs.twimg.com/images/themes/theme1/bg.png", "profile_sidebar_border_color": "FFFFFF", "profile_use_background_image": true, "profile_background_image_url_https": "https://abs.twimg.com/images/themes/theme1/bg.png"}, "place": null, "id_str": "308648011725160448", "source": "<a href=\"https://about.twitter.com/products/tweetdeck\" rel=\"nofollow\">TweetDeck</a>", "entities": {"urls": [{"url": "http://t.co/6MaTeUO387", "indices": [77, 99], "display_url": "chileavanzacontodos.cl/videos/primera\u2026", "expanded_url": "http://www.chileavanzacontodos.cl/videos/primera-dama-invita-a-las-mujeres-a-celebrar/index.html"}], "symbols": [], "hashtags": [], "user_mentions": [{"id": 48747680, "name": "Cecilia Morel Montes", "id_str": "48747680", "indices": [13, 26], "screen_name": "ceciliamorel"}, {"id": 407810042, "name": "ChileAvanzaConTodos", "id_str": "407810042", "indices": [105, 120], "screen_name": "avanzacontodos"}]}, "favorited": false, "retweeted": false, "truncated": false, "created_at": "Mon Mar 04 18:39:55 +0000 2013", "coordinates": null, "contributors": null, "retweet_count": 21, "favorite_count": 4, "is_quote_status": false, "possibly_sensitive": false, "in_reply_to_user_id": null, "in_reply_to_status_id": null, "in_reply_to_screen_name": null, "in_reply_to_user_id_str": null, "in_reply_to_status_id_str": null}, "possibly_sensitive": false, "in_reply_to_user_id": null, "in_reply_to_status_id": null, "in_reply_to_screen_name": null, "in_reply_to_user_id_str": null, "in_reply_to_status_id_str": null}