{"id": 1324117322093744129, "geo": null, "lang": "es", "text": "RT @presidencia_cl: [VIVO] Pdte @sebastianpinera nombra a @RodrigoDelgadoM como nuevo Ministro del Interior. #BienvenidoMinistroDelgado htt\u2026", "user": {"id": 13623532, "url": "https://t.co/9dlxS7gNp6", "lang": null, "name": "Sebastian Pi\u00f1era", "id_str": "13623532", "entities": {"url": {"urls": [{"url": "https://t.co/9dlxS7gNp6", "indices": [0, 23], "display_url": "Facebook.com/sebastianpiner\u2026", "expanded_url": "http://Facebook.com/sebastianpinerapresidente"}]}, "description": {"urls": []}}, "location": "Chile", "verified": true, "following": true, "protected": false, "time_zone": null, "created_at": "Mon Feb 18 13:59:12 +0000 2008", "utc_offset": null, "description": "Presidente de la Rep\u00fablica de Chile. Junto a @CeciliaMorel, padres de 4 y abuelos de 13.", "geo_enabled": true, "screen_name": "sebastianpinera", "listed_count": 9843, "friends_count": 19601, "is_translator": false, "notifications": false, "statuses_count": 4624, "default_profile": false, "followers_count": 2500729, "translator_type": "regular", "favourites_count": 2660, "profile_image_url": "http://pbs.twimg.com/profile_images/1300470722721206273/lxskPykO_normal.jpg", "profile_banner_url": "https://pbs.twimg.com/profile_banners/13623532/1638292124", "profile_link_color": "F6A200", "profile_text_color": "333333", "follow_request_sent": false, "contributors_enabled": false, "has_extended_profile": false, "default_profile_image": false, "withheld_in_countries": [], "is_translation_enabled": false, "profile_background_tile": false, "profile_image_url_https": "https://pbs.twimg.com/profile_images/1300470722721206273/lxskPykO_normal.jpg", "profile_background_color": "FFFFFF", "profile_sidebar_fill_color": "FFFFFF", "profile_background_image_url": "http://abs.twimg.com/images/themes/theme1/bg.png", "profile_sidebar_border_color": "FFFFFF", "profile_use_background_image": true, "profile_background_image_url_https": "https://abs.twimg.com/images/themes/theme1/bg.png"}, "place": null, "id_str": "1324117322093744129", "source": "<a href=\"https://mobile.twitter.com\" rel=\"nofollow\">Twitter Web App</a>", "entities": {"urls": [], "symbols": [], "hashtags": [{"text": "BienvenidoMinistroDelgado", "indices": [109, 135]}], "user_mentions": [{"id": 843106556447281154, "name": "Prensa Presidencia de Chile", "id_str": "843106556447281154", "indices": [3, 18], "screen_name": "presidencia_cl"}, {"id": 13623532, "name": "Sebastian Pi\u00f1era", "id_str": "13623532", "indices": [32, 48], "screen_name": "sebastianpinera"}, {"id": 78360993, "name": "Rodrigo Delgado Mocarquer", "id_str": "78360993", "indices": [58, 74], "screen_name": "RodrigoDelgadoM"}]}, "favorited": false, "retweeted": false, "truncated": false, "created_at": "Wed Nov 04 22:32:25 +0000 2020", "coordinates": null, "contributors": null, "retweet_count": 120, "favorite_count": 0, "is_quote_status": false, "retweeted_status": {"id": 1324117261787918336, "geo": null, "lang": "es", "text": "[VIVO] Pdte @sebastianpinera nombra a @RodrigoDelgadoM como nuevo Ministro del Interior. #BienvenidoMinistroDelgado https://t.co/4SInWVbRij", "user": {"id": 843106556447281154, "url": null, "lang": null, "name": "Prensa Presidencia de Chile", "id_str": "843106556447281154", "entities": {"description": {"urls": []}}, "location": "Santiago, Chile", "verified": true, "following": false, "protected": false, "time_zone": null, "created_at": "Sat Mar 18 14:27:22 +0000 2017", "utc_offset": null, "description": "Direcci\u00f3n de Prensa - Presidencia de la Rep\u00fablica de Chile. Informaci\u00f3n oficial de las actividades de @SebastianPinera", "geo_enabled": true, "screen_name": "presidencia_cl", "listed_count": 310, "friends_count": 2204, "is_translator": false, "notifications": false, "statuses_count": 14558, "default_profile": true, "followers_count": 117498, "translator_type": "none", "favourites_count": 10201, "profile_image_url": "http://pbs.twimg.com/profile_images/972880899598618626/iFykF16W_normal.jpg", "profile_banner_url": "https://pbs.twimg.com/profile_banners/843106556447281154/1591031592", "profile_link_color": "1DA1F2", "profile_text_color": "333333", "follow_request_sent": false, "contributors_enabled": false, "has_extended_profile": false, "default_profile_image": false, "withheld_in_countries": [], "is_translation_enabled": false, "profile_background_tile": false, "profile_image_url_https": "https://pbs.twimg.com/profile_images/972880899598618626/iFykF16W_normal.jpg", "profile_background_color": "F5F8FA", "profile_sidebar_fill_color": "DDEEF6", "profile_background_image_url": null, "profile_sidebar_border_color": "C0DEED", "profile_use_background_image": true, "profile_background_image_url_https": null}, "place": null, "id_str": "1324117261787918336", "source": "<a href=\"https://periscope.tv\" rel=\"nofollow\">Periscope</a>", "entities": {"urls": [{"url": "https://t.co/4SInWVbRij", "indices": [116, 139], "display_url": "pscp.tv/w/cnHR6jFZTEVK\u2026", "expanded_url": "https://www.pscp.tv/w/cnHR6jFZTEVKbndOcXJORU58MW1ueGVsTkRNbUVKWHM21r-ZvugxFphbB6zGj60hT9fKP8uoPhZqVpG0hfu7"}], "symbols": [], "hashtags": [{"text": "BienvenidoMinistroDelgado", "indices": [89, 115]}], "user_mentions": [{"id": 13623532, "name": "Sebastian Pi\u00f1era", "id_str": "13623532", "indices": [12, 28], "screen_name": "sebastianpinera"}, {"id": 78360993, "name": "Rodrigo Delgado Mocarquer", "id_str": "78360993", "indices": [38, 54], "screen_name": "RodrigoDelgadoM"}]}, "favorited": false, "retweeted": false, "truncated": false, "created_at": "Wed Nov 04 22:32:10 +0000 2020", "coordinates": null, "contributors": null, "retweet_count": 120, "favorite_count": 216, "is_quote_status": false, "possibly_sensitive": false, "in_reply_to_user_id": null, "in_reply_to_status_id": null, "in_reply_to_screen_name": null, "in_reply_to_user_id_str": null, "in_reply_to_status_id_str": null}, "in_reply_to_user_id": null, "in_reply_to_status_id": null, "in_reply_to_screen_name": null, "in_reply_to_user_id_str": null, "in_reply_to_status_id_str": null}