{"id": 1294347613152653317, "geo": null, "lang": "es", "text": "RT @presidencia_cl: AHORA - Pdte @sebastianpinera, junto a la Primera Dama @ceciliamorel; @Ignaciobriones_ de @Min_Hacienda; @KarlaEnAccion\u2026", "user": {"id": 13623532, "url": "http://Facebook.com/sebastianpinerapresidente", "lang": null, "name": "Sebastian Pi\u00f1era", "id_str": "13623532", "location": "Chile", "verified": true, "following": null, "protected": false, "time_zone": null, "created_at": "Mon Feb 18 13:59:12 +0000 2008", "utc_offset": null, "description": "Presidente de la Rep\u00fablica de Chile. Junto a @CeciliaMorel, padres de 4 y abuelos de 11, y pronto 13", "geo_enabled": true, "screen_name": "sebastianpinera", "listed_count": 9884, "friends_count": 20070, "is_translator": false, "notifications": null, "statuses_count": 4356, "default_profile": false, "followers_count": 2495200, "translator_type": "regular", "favourites_count": 2406, "profile_image_url": "http://pbs.twimg.com/profile_images/1248702781378244612/bNa0mMeV_normal.jpg", "profile_banner_url": "https://pbs.twimg.com/profile_banners/13623532/1595363234", "profile_link_color": "F6A200", "profile_text_color": "333333", "follow_request_sent": null, "contributors_enabled": false, "default_profile_image": false, "profile_background_tile": false, "profile_image_url_https": "https://pbs.twimg.com/profile_images/1248702781378244612/bNa0mMeV_normal.jpg", "profile_background_color": "FFFFFF", "profile_sidebar_fill_color": "FFFFFF", "profile_background_image_url": "http://abs.twimg.com/images/themes/theme1/bg.png", "profile_sidebar_border_color": "FFFFFF", "profile_use_background_image": true, "profile_background_image_url_https": "https://abs.twimg.com/images/themes/theme1/bg.png"}, "place": null, "id_str": "1294347613152653317", "source": "<a href=\"http://twitter.com/download/iphone\" rel=\"nofollow\">Twitter for iPhone</a>", "entities": {"urls": [], "symbols": [], "hashtags": [], "user_mentions": [{"id": 843106556447281154, "name": "Prensa Presidencia de Chile", "id_str": "843106556447281154", "indices": [3, 18], "screen_name": "presidencia_cl"}, {"id": 13623532, "name": "Sebastian Pi\u00f1era", "id_str": "13623532", "indices": [33, 49], "screen_name": "sebastianpinera"}, {"id": 48747680, "name": "Cecilia Morel Montes", "id_str": "48747680", "indices": [75, 88], "screen_name": "ceciliamorel"}, {"id": 1618289516, "name": "Ignacio Briones", "id_str": "1618289516", "indices": [90, 106], "screen_name": "ignaciobriones_"}, {"id": 238162336, "name": "min_hacienda", "id_str": "238162336", "indices": [110, 123], "screen_name": "Min_Hacienda"}, {"id": 59145115, "name": "Karla Rubilar Barahona", "id_str": "59145115", "indices": [125, 139], "screen_name": "KarlaEnAccion"}]}, "favorited": false, "retweeted": false, "truncated": false, "created_at": "Fri Aug 14 18:58:13 +0000 2020", "coordinates": null, "quote_count": 0, "reply_count": 0, "contributors": null, "filter_level": "low", "timestamp_ms": "1597431493448", "retweet_count": 0, "favorite_count": 0, "is_quote_status": false, "retweeted_status": {"id": 1294337022220554242, "geo": null, "lang": "es", "text": "AHORA - Pdte @sebastianpinera, junto a la Primera Dama @ceciliamorel; @Ignaciobriones_ de @Min_Hacienda;\u2026 https://t.co/oAa9AwHLWj", "user": {"id": 843106556447281154, "url": null, "lang": null, "name": "Prensa Presidencia de Chile", "id_str": "843106556447281154", "location": "Santiago, Chile", "verified": true, "following": null, "protected": false, "time_zone": null, "created_at": "Sat Mar 18 14:27:22 +0000 2017", "utc_offset": null, "description": "Direcci\u00f3n de Prensa - Presidencia de la Rep\u00fablica de Chile. Informaci\u00f3n oficial de las actividades de @SebastianPinera", "geo_enabled": true, "screen_name": "presidencia_cl", "listed_count": 231, "friends_count": 2251, "is_translator": false, "notifications": null, "statuses_count": 13879, "default_profile": true, "followers_count": 99715, "translator_type": "none", "favourites_count": 10457, "profile_image_url": "http://pbs.twimg.com/profile_images/972880899598618626/iFykF16W_normal.jpg", "profile_banner_url": "https://pbs.twimg.com/profile_banners/843106556447281154/1591031592", "profile_link_color": "1DA1F2", "profile_text_color": "333333", "follow_request_sent": null, "contributors_enabled": false, "default_profile_image": false, "profile_background_tile": false, "profile_image_url_https": "https://pbs.twimg.com/profile_images/972880899598618626/iFykF16W_normal.jpg", "profile_background_color": "F5F8FA", "profile_sidebar_fill_color": "DDEEF6", "profile_background_image_url": "", "profile_sidebar_border_color": "C0DEED", "profile_use_background_image": true, "profile_background_image_url_https": ""}, "place": null, "id_str": "1294337022220554242", "source": "<a href=\"https://mobile.twitter.com\" rel=\"nofollow\">Twitter Web App</a>", "entities": {"urls": [{"url": "https://t.co/oAa9AwHLWj", "indices": [106, 129], "display_url": "twitter.com/i/web/status/1\u2026", "expanded_url": "https://twitter.com/i/web/status/1294337022220554242"}], "symbols": [], "hashtags": [], "user_mentions": [{"id": 13623532, "name": "Sebastian Pi\u00f1era", "id_str": "13623532", "indices": [13, 29], "screen_name": "sebastianpinera"}, {"id": 48747680, "name": "Cecilia Morel Montes", "id_str": "48747680", "indices": [55, 68], "screen_name": "ceciliamorel"}, {"id": 1618289516, "name": "Ignacio Briones", "id_str": "1618289516", "indices": [70, 86], "screen_name": "ignaciobriones_"}, {"id": 238162336, "name": "min_hacienda", "id_str": "238162336", "indices": [90, 103], "screen_name": "Min_Hacienda"}]}, "favorited": false, "retweeted": false, "truncated": true, "created_at": "Fri Aug 14 18:16:08 +0000 2020", "coordinates": null, "quote_count": 2, "reply_count": 16, "contributors": null, "filter_level": "low", "retweet_count": 26, "extended_tweet": {"entities": {"urls": [], "media": [{"id": 1294337008761004034, "url": "https://t.co/11h4XkuMkV", "type": "photo", "sizes": {"large": {"h": 960, "w": 1280, "resize": "fit"}, "small": {"h": 510, "w": 680, "resize": "fit"}, "thumb": {"h": 150, "w": 150, "resize": "crop"}, "medium": {"h": 900, "w": 1200, "resize": "fit"}}, "id_str": "1294337008761004034", "indices": [204, 227], "media_url": "http://pbs.twimg.com/media/EfZoptrXYAILotF.jpg", "display_url": "pic.twitter.com/11h4XkuMkV", "expanded_url": "https://twitter.com/presidencia_cl/status/1294337022220554242/photo/1", "media_url_https": "https://pbs.twimg.com/media/EfZoptrXYAILotF.jpg"}], "symbols": [], "hashtags": [{"text": "M\u00e1sDe1Mill\u00f3nDeBonos", "indices": [183, 203]}], "user_mentions": [{"id": 13623532, "name": "Sebastian Pi\u00f1era", "id_str": "13623532", "indices": [13, 29], "screen_name": "sebastianpinera"}, {"id": 48747680, "name": "Cecilia Morel Montes", "id_str": "48747680", "indices": [55, 68], "screen_name": "ceciliamorel"}, {"id": 1618289516, "name": "Ignacio Briones", "id_str": "1618289516", "indices": [70, 86], "screen_name": "ignaciobriones_"}, {"id": 238162336, "name": "min_hacienda", "id_str": "238162336", "indices": [90, 103], "screen_name": "Min_Hacienda"}, {"id": 59145115, "name": "Karla Rubilar Barahona", "id_str": "59145115", "indices": [105, 119], "screen_name": "KarlaEnAccion"}, {"id": 115091645, "name": "Ministerio de Desarrollo Social y Familia", "id_str": "115091645", "indices": [123, 137], "screen_name": "MinDesarrollo"}]}, "full_text": "AHORA - Pdte @sebastianpinera, junto a la Primera Dama @ceciliamorel; @Ignaciobriones_ de @Min_Hacienda; @KarlaEnAccion de @MinDesarrollo; valora beneficios de Plan Ayuda Clase Media #M\u00e1sDe1Mill\u00f3nDeBonos https://t.co/11h4XkuMkV", "extended_entities": {"media": [{"id": 1294337008761004034, "url": "https://t.co/11h4XkuMkV", "type": "photo", "sizes": {"large": {"h": 960, "w": 1280, "resize": "fit"}, "small": {"h": 510, "w": 680, "resize": "fit"}, "thumb": {"h": 150, "w": 150, "resize": "crop"}, "medium": {"h": 900, "w": 1200, "resize": "fit"}}, "id_str": "1294337008761004034", "indices": [204, 227], "media_url": "http://pbs.twimg.com/media/EfZoptrXYAILotF.jpg", "display_url": "pic.twitter.com/11h4XkuMkV", "expanded_url": "https://twitter.com/presidencia_cl/status/1294337022220554242/photo/1", "media_url_https": "https://pbs.twimg.com/media/EfZoptrXYAILotF.jpg"}]}, "display_text_range": [0, 203]}, "favorite_count": 21, "is_quote_status": false, "display_text_range": [0, 140], "possibly_sensitive": false, "in_reply_to_user_id": null, "in_reply_to_status_id": null, "in_reply_to_screen_name": null, "in_reply_to_user_id_str": null, "in_reply_to_status_id_str": null}, "in_reply_to_user_id": null, "in_reply_to_status_id": null, "in_reply_to_screen_name": null, "in_reply_to_user_id_str": null, "in_reply_to_status_id_str": null}