{"id": 1279523297751957509, "geo": null, "lang": "es", "text": "RT @MinDesarrollo: \ud83d\udd35\u00a1Atenci\u00f3n! \ud83d\udd35 se activa el #C\u00f3digoAzul en la Regi\u00f3n Metropolitana y Los \u00c1ngeles \nSi sabes de una persona que se encuentr\u2026", "user": {"id": 13623532, "url": "https://t.co/9dlxS7gNp6", "lang": null, "name": "Sebastian Pi\u00f1era", "id_str": "13623532", "entities": {"url": {"urls": [{"url": "https://t.co/9dlxS7gNp6", "indices": [0, 23], "display_url": "Facebook.com/sebastianpiner\u2026", "expanded_url": "http://Facebook.com/sebastianpinerapresidente"}]}, "description": {"urls": []}}, "location": "Chile", "verified": true, "following": true, "protected": false, "time_zone": null, "created_at": "Mon Feb 18 13:59:12 +0000 2008", "utc_offset": null, "description": "Presidente de la Rep\u00fablica de Chile. Junto a @CeciliaMorel, padres de 4 y abuelos de 13.", "geo_enabled": true, "screen_name": "sebastianpinera", "listed_count": 9841, "friends_count": 19715, "is_translator": false, "notifications": false, "statuses_count": 4516, "default_profile": false, "followers_count": 2490588, "translator_type": "regular", "favourites_count": 2577, "profile_image_url": "http://pbs.twimg.com/profile_images/1300470722721206273/lxskPykO_normal.jpg", "profile_banner_url": "https://pbs.twimg.com/profile_banners/13623532/1623092040", "profile_link_color": "F6A200", "profile_text_color": "333333", "follow_request_sent": false, "contributors_enabled": false, "has_extended_profile": false, "default_profile_image": false, "withheld_in_countries": [], "is_translation_enabled": false, "profile_background_tile": false, "profile_image_url_https": "https://pbs.twimg.com/profile_images/1300470722721206273/lxskPykO_normal.jpg", "profile_background_color": "FFFFFF", "profile_sidebar_fill_color": "FFFFFF", "profile_background_image_url": "http://abs.twimg.com/images/themes/theme1/bg.png", "profile_sidebar_border_color": "FFFFFF", "profile_use_background_image": true, "profile_background_image_url_https": "https://abs.twimg.com/images/themes/theme1/bg.png"}, "place": null, "id_str": "1279523297751957509", "source": "<a href=\"http://twitter.com/download/iphone\" rel=\"nofollow\">Twitter for iPhone</a>", "entities": {"urls": [], "symbols": [], "hashtags": [{"text": "C\u00f3digoAzul", "indices": [46, 57]}], "user_mentions": [{"id": 115091645, "name": "Ministerio de Desarrollo Social y Familia", "id_str": "115091645", "indices": [3, 17], "screen_name": "MinDesarrollo"}]}, "favorited": false, "retweeted": false, "truncated": false, "created_at": "Sat Jul 04 21:11:41 +0000 2020", "coordinates": null, "contributors": null, "retweet_count": 99, "favorite_count": 0, "is_quote_status": false, "retweeted_status": {"id": 1279479543624065027, "geo": null, "lang": "es", "text": "\ud83d\udd35\u00a1Atenci\u00f3n! \ud83d\udd35 se activa el #C\u00f3digoAzul en la Regi\u00f3n Metropolitana y Los \u00c1ngeles \nSi sabes de una persona que se enc\u2026 https://t.co/LbvcQv8vzG", "user": {"id": 115091645, "url": "https://t.co/TpfrBKS1yo", "lang": null, "name": "Ministerio de Desarrollo Social y Familia", "id_str": "115091645", "entities": {"url": {"urls": [{"url": "https://t.co/TpfrBKS1yo", "indices": [0, 23], "display_url": "desarrollosocialyfamilia.gob.cl", "expanded_url": "http://www.desarrollosocialyfamilia.gob.cl/"}]}, "description": {"urls": []}}, "location": "Catedral 1575, Santiago", "verified": true, "following": false, "protected": false, "time_zone": null, "created_at": "Wed Feb 17 15:48:05 +0000 2010", "utc_offset": null, "description": "Twitter oficial del Ministerio de Desarrollo Social y Familia del @gobiernodechile \ud83c\udde8\ud83c\uddf1 Ministra @karlaenaccion", "geo_enabled": true, "screen_name": "MinDesarrollo", "listed_count": 573, "friends_count": 1416, "is_translator": false, "notifications": false, "statuses_count": 79230, "default_profile": false, "followers_count": 188064, "translator_type": "none", "favourites_count": 9815, "profile_image_url": "http://pbs.twimg.com/profile_images/1118202521057660934/yvx8Ugek_normal.png", "profile_banner_url": "https://pbs.twimg.com/profile_banners/115091645/1623096349", "profile_link_color": "0F69B4", "profile_text_color": "333333", "follow_request_sent": false, "contributors_enabled": false, "has_extended_profile": false, "default_profile_image": false, "withheld_in_countries": [], "is_translation_enabled": false, "profile_background_tile": false, "profile_image_url_https": "https://pbs.twimg.com/profile_images/1118202521057660934/yvx8Ugek_normal.png", "profile_background_color": "F5F8FA", "profile_sidebar_fill_color": "FFFFFF", "profile_background_image_url": "http://abs.twimg.com/images/themes/theme1/bg.png", "profile_sidebar_border_color": "FFFFFF", "profile_use_background_image": true, "profile_background_image_url_https": "https://abs.twimg.com/images/themes/theme1/bg.png"}, "place": null, "id_str": "1279479543624065027", "source": "<a href=\"https://mobile.twitter.com\" rel=\"nofollow\">Twitter Web App</a>", "entities": {"urls": [{"url": "https://t.co/LbvcQv8vzG", "indices": [117, 140], "display_url": "twitter.com/i/web/status/1\u2026", "expanded_url": "https://twitter.com/i/web/status/1279479543624065027"}], "symbols": [], "hashtags": [{"text": "C\u00f3digoAzul", "indices": [27, 38]}], "user_mentions": []}, "favorited": false, "retweeted": false, "truncated": true, "created_at": "Sat Jul 04 18:17:49 +0000 2020", "coordinates": null, "contributors": null, "retweet_count": 99, "favorite_count": 154, "is_quote_status": false, "possibly_sensitive": false, "in_reply_to_user_id": null, "in_reply_to_status_id": null, "in_reply_to_screen_name": null, "in_reply_to_user_id_str": null, "in_reply_to_status_id_str": null}, "in_reply_to_user_id": null, "in_reply_to_status_id": null, "in_reply_to_screen_name": null, "in_reply_to_user_id_str": null, "in_reply_to_status_id_str": null}