{"id": 1259166699145879555, "geo": null, "lang": "es", "text": "Hoy recibimos 82 nuevos Ventiladores Mec\u00e1nicos q fortalecer\u00e1n nuestro Sist. de Salud y estar\u00e1n a disposici\u00f3n de pac\u2026 https://t.co/R4oWPEkRxT", "user": {"id": 13623532, "url": "http://Facebook.com/sebastianpinerapresidente", "lang": null, "name": "Sebastian Pi\u00f1era", "id_str": "13623532", "location": "Chile", "verified": true, "following": null, "protected": false, "time_zone": null, "created_at": "Mon Feb 18 13:59:12 +0000 2008", "utc_offset": null, "description": "Presidente de la Rep\u00fablica de Chile. Junto a @CeciliaMorel, padres de 4 y abuelos de 11, y pronto 12", "geo_enabled": true, "screen_name": "sebastianpinera", "listed_count": 10083, "friends_count": 20197, "is_translator": false, "notifications": null, "statuses_count": 4234, "default_profile": false, "followers_count": 2475739, "translator_type": "regular", "favourites_count": 2287, "profile_image_url": "http://pbs.twimg.com/profile_images/1248702781378244612/bNa0mMeV_normal.jpg", "profile_banner_url": "https://pbs.twimg.com/profile_banners/13623532/1587594209", "profile_link_color": "F6A200", "profile_text_color": "333333", "follow_request_sent": null, "contributors_enabled": false, "default_profile_image": false, "profile_background_tile": false, "profile_image_url_https": "https://pbs.twimg.com/profile_images/1248702781378244612/bNa0mMeV_normal.jpg", "profile_background_color": "FFFFFF", "profile_sidebar_fill_color": "FFFFFF", "profile_background_image_url": "http://abs.twimg.com/images/themes/theme1/bg.png", "profile_sidebar_border_color": "FFFFFF", "profile_use_background_image": true, "profile_background_image_url_https": "https://abs.twimg.com/images/themes/theme1/bg.png"}, "place": null, "id_str": "1259166699145879555", "source": "<a href=\"http://twitter.com/download/iphone\" rel=\"nofollow\">Twitter for iPhone</a>", "entities": {"urls": [{"url": "https://t.co/R4oWPEkRxT", "indices": [117, 140], "display_url": "twitter.com/i/web/status/1\u2026", "expanded_url": "https://twitter.com/i/web/status/1259166699145879555"}], "symbols": [], "hashtags": [], "user_mentions": []}, "favorited": false, "retweeted": false, "truncated": true, "created_at": "Sat May 09 17:01:49 +0000 2020", "coordinates": null, "quote_count": 0, "reply_count": 0, "contributors": null, "filter_level": "low", "timestamp_ms": "1589043709919", "quoted_status": {"id": 1259139572199546881, "geo": null, "lang": "es", "text": "Los ventiladores mec\u00e1nicos que est\u00e1n llegando hoy al pa\u00eds, se suman inmediatamente a la red y quedan disponibles pa\u2026 https://t.co/opAK0aBeOx", "user": {"id": 153825949, "url": "http://www.minsal.cl", "lang": null, "name": "Ministerio de Salud", "id_str": "153825949", "location": "Chile", "verified": true, "following": null, "protected": false, "time_zone": null, "created_at": "Wed Jun 09 16:38:56 +0000 2010", "utc_offset": null, "description": "Cuenta oficial del Ministerio de Salud del @GobiernoDeChile. Ministro Jaime Ma\u00f1alich. Subsec Salud P\u00fablica @pdazan. Subsec Redes Asistenciales @arturozunigaj", "geo_enabled": true, "screen_name": "ministeriosalud", "listed_count": 867, "friends_count": 2485, "is_translator": false, "notifications": null, "statuses_count": 50617, "default_profile": false, "followers_count": 378327, "translator_type": "none", "favourites_count": 20840, "profile_image_url": "http://pbs.twimg.com/profile_images/1240679830183649288/S94zI3Yu_normal.jpg", "profile_banner_url": "https://pbs.twimg.com/profile_banners/153825949/1584461283", "profile_link_color": "0069AB", "profile_text_color": "333333", "follow_request_sent": null, "contributors_enabled": false, "default_profile_image": false, "profile_background_tile": false, "profile_image_url_https": "https://pbs.twimg.com/profile_images/1240679830183649288/S94zI3Yu_normal.jpg", "profile_background_color": "E5E5E5", "profile_sidebar_fill_color": "C0DFEC", "profile_background_image_url": "http://abs.twimg.com/images/themes/theme19/bg.gif", "profile_sidebar_border_color": "000000", "profile_use_background_image": true, "profile_background_image_url_https": "https://abs.twimg.com/images/themes/theme19/bg.gif"}, "place": null, "id_str": "1259139572199546881", "source": "<a href=\"https://mobile.twitter.com\" rel=\"nofollow\">Twitter Web App</a>", "entities": {"urls": [{"url": "https://t.co/opAK0aBeOx", "indices": [117, 140], "display_url": "twitter.com/i/web/status/1\u2026", "expanded_url": "https://twitter.com/i/web/status/1259139572199546881"}], "symbols": [], "hashtags": [], "user_mentions": []}, "favorited": false, "retweeted": false, "truncated": true, "created_at": "Sat May 09 15:14:02 +0000 2020", "coordinates": null, "quote_count": 8, "reply_count": 18, "contributors": null, "filter_level": "low", "retweet_count": 81, "extended_tweet": {"entities": {"urls": [], "media": [{"id": 1259139399939489792, "url": "https://t.co/79afpl34Sl", "type": "photo", "sizes": {"large": {"h": 405, "w": 720, "resize": "fit"}, "small": {"h": 383, "w": 680, "resize": "fit"}, "thumb": {"h": 150, "w": 150, "resize": "crop"}, "medium": {"h": 405, "w": 720, "resize": "fit"}}, "id_str": "1259139399939489792", "indices": [182, 205], "media_url": "http://pbs.twimg.com/media/EXlcnPAXgAAeGZC.jpg", "display_url": "pic.twitter.com/79afpl34Sl", "expanded_url": "https://twitter.com/ministeriosalud/status/1259139572199546881/photo/1", "media_url_https": "https://pbs.twimg.com/media/EXlcnPAXgAAeGZC.jpg"}], "symbols": [], "hashtags": [{"text": "PlanCoronavirus", "indices": [165, 181]}], "user_mentions": []}, "full_text": "Los ventiladores mec\u00e1nicos que est\u00e1n llegando hoy al pa\u00eds, se suman inmediatamente a la red y quedan disponibles para quien lo requiera en cualquier parte de Chile. #PlanCoronavirus https://t.co/79afpl34Sl", "extended_entities": {"media": [{"id": 1259139399939489792, "url": "https://t.co/79afpl34Sl", "type": "photo", "sizes": {"large": {"h": 405, "w": 720, "resize": "fit"}, "small": {"h": 383, "w": 680, "resize": "fit"}, "thumb": {"h": 150, "w": 150, "resize": "crop"}, "medium": {"h": 405, "w": 720, "resize": "fit"}}, "id_str": "1259139399939489792", "indices": [182, 205], "media_url": "http://pbs.twimg.com/media/EXlcnPAXgAAeGZC.jpg", "display_url": "pic.twitter.com/79afpl34Sl", "expanded_url": "https://twitter.com/ministeriosalud/status/1259139572199546881/photo/1", "media_url_https": "https://pbs.twimg.com/media/EXlcnPAXgAAeGZC.jpg"}]}, "display_text_range": [0, 181]}, "favorite_count": 135, "is_quote_status": false, "display_text_range": [0, 140], "possibly_sensitive": false, "in_reply_to_user_id": null, "in_reply_to_status_id": null, "in_reply_to_screen_name": null, "in_reply_to_user_id_str": null, "in_reply_to_status_id_str": null}, "retweet_count": 0, "extended_tweet": {"entities": {"urls": [], "symbols": [], "hashtags": [], "user_mentions": []}, "full_text": "Hoy recibimos 82 nuevos Ventiladores Mec\u00e1nicos q fortalecer\u00e1n nuestro Sist. de Salud y estar\u00e1n a disposici\u00f3n de pacientes que los necesiten en cualquier lugar de Chile. La prioridad y compromiso del Gobierno es proteger la vida y la calidad de vida de todos nuestros compatriotas", "display_text_range": [0, 279]}, "favorite_count": 0, "is_quote_status": true, "quoted_status_id": 1259139572199546881, "in_reply_to_user_id": null, "quoted_status_id_str": "1259139572199546881", "in_reply_to_status_id": null, "in_reply_to_screen_name": null, "in_reply_to_user_id_str": null, "quoted_status_permalink": {"url": "https://t.co/lKq9JZAWwI", "display": "twitter.com/ministeriosalu\u2026", "expanded": "https://twitter.com/ministeriosalud/status/1259139572199546881"}, "in_reply_to_status_id_str": null}