{"id": 1218323873600544770, "geo": null, "lang": "es", "text": "Comparto con ustedes la conversaci\u00f3n que tuvimos hoy con la ministra del Trabajo @mjose_zaldivar para resolver las\u2026 https://t.co/XKeGgrfyui", "user": {"id": 13623532, "url": "http://Facebook.com/sebastianpinerapresidente", "lang": null, "name": "Sebastian Pi\u00f1era", "id_str": "13623532", "location": "Chile", "verified": true, "following": null, "protected": false, "time_zone": null, "created_at": "Mon Feb 18 13:59:12 +0000 2008", "utc_offset": null, "description": "Presidente de la Rep\u00fablica de Chile. Junto a @CeciliaMorel, padres de 4 y abuelos de 11", "geo_enabled": true, "screen_name": "sebastianpinera", "listed_count": 10196, "friends_count": 20279, "is_translator": false, "notifications": null, "statuses_count": 4045, "default_profile": false, "followers_count": 2390316, "translator_type": "regular", "favourites_count": 2103, "profile_image_url": "http://pbs.twimg.com/profile_images/1027651734594830336/DjVUoNl9_normal.jpg", "profile_banner_url": "https://pbs.twimg.com/profile_banners/13623532/1542145223", "profile_link_color": "F6A200", "profile_text_color": "333333", "follow_request_sent": null, "contributors_enabled": false, "default_profile_image": false, "profile_background_tile": false, "profile_image_url_https": "https://pbs.twimg.com/profile_images/1027651734594830336/DjVUoNl9_normal.jpg", "profile_background_color": "FFFFFF", "profile_sidebar_fill_color": "FFFFFF", "profile_background_image_url": "http://abs.twimg.com/images/themes/theme1/bg.png", "profile_sidebar_border_color": "FFFFFF", "profile_use_background_image": true, "profile_background_image_url_https": "https://abs.twimg.com/images/themes/theme1/bg.png"}, "place": null, "id_str": "1218323873600544770", "source": "<a href=\"http://twitter.com/download/android\" rel=\"nofollow\">Twitter for Android</a>", "entities": {"urls": [{"url": "https://t.co/XKeGgrfyui", "indices": [116, 139], "display_url": "twitter.com/i/web/status/1\u2026", "expanded_url": "https://twitter.com/i/web/status/1218323873600544770"}], "symbols": [], "hashtags": [], "user_mentions": [{"id": 986311722712616960, "name": "Mar\u00eda Jos\u00e9 Zald\u00edvar", "id_str": "986311722712616960", "indices": [81, 96], "screen_name": "mjose_zaldivar"}]}, "favorited": false, "retweeted": false, "truncated": true, "created_at": "Sat Jan 18 00:07:01 +0000 2020", "coordinates": null, "quote_count": 0, "reply_count": 0, "contributors": null, "filter_level": "low", "timestamp_ms": "1579306021486", "retweet_count": 0, "extended_tweet": {"entities": {"urls": [{"url": "https://t.co/RfJwfJJqo7", "indices": [232, 255], "display_url": "facebook.com/SebastianPiner\u2026", "expanded_url": "https://www.facebook.com/SebastianPineraPresidente/videos/166289744469134/"}], "symbols": [], "hashtags": [{"text": "SubamosLasPensiones", "indices": [185, 205]}], "user_mentions": [{"id": 986311722712616960, "name": "Mar\u00eda Jos\u00e9 Zald\u00edvar", "id_str": "986311722712616960", "indices": [81, 96], "screen_name": "mjose_zaldivar"}]}, "full_text": "Comparto con ustedes la conversaci\u00f3n que tuvimos hoy con la ministra del Trabajo @mjose_zaldivar para resolver las dudas que nos plantearon sobre la Reforma Previsional que presentamos #SubamosLasPensiones. Los invito a verla aqu\u00ed:\nhttps://t.co/RfJwfJJqo7", "display_text_range": [0, 255]}, "favorite_count": 0, "is_quote_status": false, "possibly_sensitive": false, "in_reply_to_user_id": null, "in_reply_to_status_id": null, "in_reply_to_screen_name": null, "in_reply_to_user_id_str": null, "in_reply_to_status_id_str": null}