{"id": 1008866514806759424, "geo": null, "lang": "es", "text": "No podemos permitir que + compatriotas mueran de fr\u00edo este invierno. #C\u00f3digoAzul duplica los servicios de atenci\u00f3n\u2026 https://t.co/VanM8AIybz", "user": {"id": 13623532, "url": "https://t.co/gJVkwLoQRm", "lang": null, "name": "Sebastian Pi\u00f1era", "id_str": "13623532", "entities": {"url": {"urls": [{"url": "https://t.co/gJVkwLoQRm", "indices": [0, 23], "display_url": "Facebook.com/sebastianpiner\u2026", "expanded_url": "http://Facebook.com/sebastianpinerapresidente"}]}, "description": {"urls": []}}, "location": "Chile", "verified": true, "following": true, "protected": false, "time_zone": null, "created_at": "Mon Feb 18 13:59:12 +0000 2008", "utc_offset": null, "description": "Presidente de la Rep\u00fablica de Chile. Junto a @CeciliaMorel, padres de 4 y abuelos de 11. Impulsando un #ChileEnMarcha.", "geo_enabled": true, "screen_name": "sebastianpinera", "listed_count": 10106, "friends_count": 20447, "is_translator": false, "notifications": false, "statuses_count": 3919, "default_profile": false, "followers_count": 2283285, "translator_type": "regular", "favourites_count": 1985, "profile_image_url": "http://pbs.twimg.com/profile_images/1027651734594830336/DjVUoNl9_normal.jpg", "profile_banner_url": "https://pbs.twimg.com/profile_banners/13623532/1542145223", "profile_link_color": "F6A200", "profile_text_color": "333333", "follow_request_sent": false, "contributors_enabled": false, "has_extended_profile": false, "default_profile_image": false, "is_translation_enabled": false, "profile_background_tile": false, "profile_image_url_https": "https://pbs.twimg.com/profile_images/1027651734594830336/DjVUoNl9_normal.jpg", "profile_background_color": "FFFFFF", "profile_sidebar_fill_color": "FFFFFF", "profile_background_image_url": "http://abs.twimg.com/images/themes/theme1/bg.png", "profile_sidebar_border_color": "FFFFFF", "profile_use_background_image": true, "profile_background_image_url_https": "https://abs.twimg.com/images/themes/theme1/bg.png"}, "place": {"id": "006b2a835a30b702", "url": "https://api.twitter.com/1.1/geo/id/006b2a835a30b702.json", "name": "Estaci\u00f3n Central", "country": "Chile", "full_name": "Estaci\u00f3n Central, Chile", "attributes": {}, "place_type": "city", "bounding_box": {"type": "Polygon", "coordinates": [[[-70.734189, -33.4813961], [-70.67256, -33.4813961], [-70.67256, -33.4439247], [-70.734189, -33.4439247]]]}, "country_code": "CL", "contained_within": []}, "id_str": "1008866514806759424", "source": "<a href=\"http://twitter.com\" rel=\"nofollow\">Twitter Web Client</a>", "entities": {"urls": [{"url": "https://t.co/VanM8AIybz", "indices": [116, 139], "display_url": "twitter.com/i/web/status/1\u2026", "expanded_url": "https://twitter.com/i/web/status/1008866514806759424"}], "symbols": [], "hashtags": [{"text": "C\u00f3digoAzul", "indices": [69, 80]}], "user_mentions": []}, "favorited": false, "retweeted": false, "truncated": true, "created_at": "Tue Jun 19 00:18:15 +0000 2018", "coordinates": null, "contributors": null, "retweet_count": 1157, "favorite_count": 2372, "is_quote_status": false, "possibly_sensitive": false, "in_reply_to_user_id": null, "in_reply_to_status_id": null, "in_reply_to_screen_name": null, "in_reply_to_user_id_str": null, "in_reply_to_status_id_str": null}