{"id": 563420878390960128, "lang": "es", "text": "RT @lacasablanca: Ayer, Obama se reuni\u00f3 con DREAMers para escuchar sobre c\u00f3mo sus vidas se han beneficiado por la acci\u00f3n diferida http://t.\u2026", "urls": [], "user": {"id": 1222257180}, "id_str": "563420878390960128", "source": "<a href=\"http://twitter.com\" rel=\"nofollow\">Twitter Web Client</a>", "deleted": false, "hashtags": [], "retrieved": "2017-07-17--16-59-14", "created_at": "Thu Feb 05 19:36:19 +0000 2015", "retweet_count": 99, "user_mentions": [{"id": 818925774493405188, "name": "La Casa Blanca", "screen_name": "LaCasaBlanca"}], "legacy_imported": true, "retweeted_status": {"id": 563418111500513282, "lang": "es", "text": "Ayer, Obama se reuni\u00f3 con DREAMers para escuchar sobre c\u00f3mo sus vidas se han beneficiado por la acci\u00f3n diferida http://t.co/tN2BY69frC", "urls": [], "user": {"id": 78138151}, "media": [{"id": 563418105628475392, "url": "http://t.co/tN2BY69frC", "type": "photo", "sizes": {"large": {"h": 512, "w": 1024, "resize": "fit"}, "small": {"h": 170, "w": 340, "resize": "fit"}, "thumb": {"h": 150, "w": 150, "resize": "crop"}, "medium": {"h": 300, "w": 600, "resize": "fit"}}, "media_url": "http://pbs.twimg.com/media/B9GpyC4CQAAcKxe.jpg", "display_url": "pic.twitter.com/tN2BY69frC", "expanded_url": "https://twitter.com/lacasablanca/status/563418111500513282/photo/1", "media_url_https": "https://pbs.twimg.com/media/B9GpyC4CQAAcKxe.jpg"}], "id_str": "563418111500513282", "source": "<a href=\"http://twitter.com\" rel=\"nofollow\">Twitter Web Client</a>", "hashtags": [], "created_at": "Thu Feb 05 19:25:20 +0000 2015", "retweet_count": 99, "user_mentions": [], "favorite_count": 251}}