{"id": 555129710124867587, "lang": "es", "text": "Act\u00faa antes del 15 de enero para cobertura m\u00e9dica que empiece el 1 de febrero. #Aseg\u00farate http://t.co/qudK9I0ERr", "urls": [{"url": "http://t.co/qudK9I0ERr", "expanded_url": "http://www.coveredca.com/espanol/"}], "user": {"id": 1222257180}, "id_str": "555129710124867587", "source": "<a href=\"https://about.twitter.com/products/tweetdeck\" rel=\"nofollow\">TweetDeck</a>", "deleted": false, "hashtags": [{"text": "Aseg\u00farate"}], "retrieved": "2017-03-08--23-17-23", "created_at": "Tue Jan 13 22:30:11 +0000 2015", "user_mentions": [], "legacy_imported": true}