{"id": 555124675856977920, "lang": "es", "text": "\u00bfC\u00f3mo puedes estar seguro de que tendr\u00e1s cobertura a partir del 1 de febrero? Act\u00faa antes del 15 de enero. #Aseg\u00farate http://t.co/qudK9I0ERr", "urls": [{"url": "http://t.co/qudK9I0ERr", "expanded_url": "http://www.coveredca.com/espanol/"}], "user": {"id": 1222257180}, "id_str": "555124675856977920", "source": "<a href=\"https://about.twitter.com/products/tweetdeck\" rel=\"nofollow\">TweetDeck</a>", "deleted": false, "hashtags": [{"text": "Aseg\u00farate"}], "retrieved": "2017-03-08--23-17-23", "created_at": "Tue Jan 13 22:10:11 +0000 2015", "retweet_count": 1, "user_mentions": [], "legacy_imported": true}