{"id": 552606492852232192, "lang": "es", "text": "RT @Jjlopez_almejo: @RepCardenas usted es un gran tipo se\u00f1or C\u00e1rdenas. En Guadalajara nos sentimos muy orgullosos de usted! Felicidades por\u2026", "urls": [], "user": {"id": 1222257180}, "id_str": "552606492852232192", "source": "<a href=\"http://twitter.com\" rel=\"nofollow\">Twitter Web Client</a>", "deleted": false, "hashtags": [], "retrieved": "2017-02-24--04-19-22", "created_at": "Tue Jan 06 23:23:49 +0000 2015", "retweet_count": 1, "user_mentions": [{"id": 93758955, "name": "Jos\u00e9 de Jes\u00fas L\u00f3pez", "screen_name": "Jjlopez_almejo"}, {"id": 1222257180, "name": "Rep. Tony C\u00e1rdenas", "screen_name": "RepCardenas"}], "legacy_imported": true, "retweeted_status": {"id": 552558647491198977, "lang": "es", "text": "@RepCardenas usted es un gran tipo se\u00f1or C\u00e1rdenas. En Guadalajara nos sentimos muy orgullosos de usted! Felicidades por su reelecci\u00f3n!", "urls": [], "user": {"id": 93758955}, "id_str": "552558647491198977", "source": "<a href=\"http://twitter.com/download/iphone\" rel=\"nofollow\">Twitter for iPhone</a>", "hashtags": [], "created_at": "Tue Jan 06 20:13:42 +0000 2015", "retweet_count": 1, "user_mentions": [{"id": 1222257180, "name": "Rep. Tony C\u00e1rdenas", "screen_name": "RepCardenas"}], "in_reply_to_user_id": 1222257180, "in_reply_to_status_id": 552548696282632192, "in_reply_to_screen_name": "RepCardenas"}}