{"id": 1584307540677996544, "geo": null, "lang": "pt", "text": "RT @jairbolsonaro: - Pris\u00e3o do criminoso Roberto Jefferson. https://t.co/kWYq4GqRNp", "user": {"id": 1084375028, "url": "https://t.co/bPGtyKElfF", "lang": null, "name": "Jason Miller", "id_str": "1084375028", "entities": {"url": {"urls": [{"url": "https://t.co/bPGtyKElfF", "indices": [0, 23], "display_url": "GETTR.com", "expanded_url": "http://www.GETTR.com"}]}, "description": {"urls": []}}, "location": "Washington, DC", "verified": true, "following": true, "protected": false, "time_zone": null, "created_at": "Sat Jan 12 23:03:43 +0000 2013", "utc_offset": null, "description": "CEO, GETTR, The Marketplace of Ideas. Former Senior Advisor, President Donald J. Trump.", "geo_enabled": true, "screen_name": "JasonMillerinDC", "listed_count": 1922, "friends_count": 5158, "is_translator": false, "notifications": false, "statuses_count": 63021, "default_profile": false, "followers_count": 372394, "translator_type": "none", "favourites_count": 16586, "profile_image_url": "http://pbs.twimg.com/profile_images/1202307702715830277/1fZGqKca_normal.jpg", "profile_banner_url": "https://pbs.twimg.com/profile_banners/1084375028/1666435928", "profile_link_color": "1F98C7", "profile_text_color": "333333", "follow_request_sent": false, "contributors_enabled": false, "has_extended_profile": false, "default_profile_image": false, "withheld_in_countries": [], "is_translation_enabled": false, "profile_background_tile": false, "profile_image_url_https": "https://pbs.twimg.com/profile_images/1202307702715830277/1fZGqKca_normal.jpg", "profile_background_color": "C6E2EE", "profile_sidebar_fill_color": "DDEEF6", "profile_background_image_url": "http://abs.twimg.com/images/themes/theme1/bg.png", "profile_sidebar_border_color": "FFFFFF", "profile_use_background_image": false, "profile_background_image_url_https": "https://abs.twimg.com/images/themes/theme1/bg.png"}, "place": null, "id_str": "1584307540677996544", "source": "<a href=\"http://twitter.com/download/iphone\" rel=\"nofollow\">Twitter for iPhone</a>", "entities": {"urls": [], "media": [{"id": 1584306754988408838, "url": "https://t.co/kWYq4GqRNp", "type": "photo", "sizes": {"large": {"h": 352, "w": 640, "resize": "fit"}, "small": {"h": 352, "w": 640, "resize": "fit"}, "thumb": {"h": 150, "w": 150, "resize": "crop"}, "medium": {"h": 352, "w": 640, "resize": "fit"}}, "id_str": "1584306754988408838", "indices": [60, 83], "media_url": "http://pbs.twimg.com/ext_tw_video_thumb/1584306754988408838/pu/img/-RzSnr1PGItcqETD.jpg", "display_url": "pic.twitter.com/kWYq4GqRNp", "expanded_url": "https://twitter.com/jairbolsonaro/status/1584306781530230784/video/1", "source_user_id": 128372940, "media_url_https": "https://pbs.twimg.com/ext_tw_video_thumb/1584306754988408838/pu/img/-RzSnr1PGItcqETD.jpg", "source_status_id": 1584306781530230784, "source_user_id_str": "128372940", "source_status_id_str": "1584306781530230784"}], "symbols": [], "hashtags": [], "user_mentions": [{"id": 128372940, "name": "Jair M. Bolsonaro 2\ufe0f\u20e32\ufe0f\u20e3", "id_str": "128372940", "indices": [3, 17], "screen_name": "jairbolsonaro"}]}, "favorited": false, "retweeted": false, "truncated": false, "created_at": "Sun Oct 23 22:15:27 +0000 2022", "coordinates": null, "contributors": null, "retweet_count": 20301, "favorite_count": 0, "is_quote_status": false, "retweeted_status": {"id": 1584306781530230784, "geo": null, "lang": "pt", "text": "- Pris\u00e3o do criminoso Roberto Jefferson. https://t.co/kWYq4GqRNp", "user": {"id": 128372940, "url": "https://t.co/DzletgH0tv", "lang": null, "name": "Jair M. Bolsonaro 2\ufe0f\u20e32\ufe0f\u20e3", "id_str": "128372940", "entities": {"url": {"urls": [{"url": "https://t.co/DzletgH0tv", "indices": [0, 23], "display_url": "t.me/jairbolsonarob\u2026", "expanded_url": "https://t.me/jairbolsonarobrasil"}]}, "description": {"urls": []}}, "location": "Bras\u00edlia, Brasil", "verified": true, "following": false, "protected": false, "time_zone": null, "created_at": "Wed Mar 31 23:13:44 +0000 2010", "utc_offset": null, "description": "Capit\u00e3o Paraquedista do Ex\u00e9rcito Brasileiro. Presidente da Rep\u00fablica Federativa do Brasil. Candidato \u00e0 reelei\u00e7\u00e3o com o n\u00famero 2\u20e32\u20e3.", "geo_enabled": false, "screen_name": "jairbolsonaro", "listed_count": 8722, "friends_count": 557, "is_translator": false, "notifications": false, "statuses_count": 15357, "default_profile": false, "followers_count": 10168585, "translator_type": "none", "favourites_count": 5977, "profile_image_url": "http://pbs.twimg.com/profile_images/1559734581942800385/qtN3jE9H_normal.jpg", "profile_banner_url": "https://pbs.twimg.com/profile_banners/128372940/1663337696", "profile_link_color": "0084B4", "profile_text_color": "1414FF", "follow_request_sent": false, "contributors_enabled": false, "has_extended_profile": true, "default_profile_image": false, "withheld_in_countries": [], "is_translation_enabled": false, "profile_background_tile": false, "profile_image_url_https": "https://pbs.twimg.com/profile_images/1559734581942800385/qtN3jE9H_normal.jpg", "profile_background_color": "175C17", "profile_sidebar_fill_color": "A4E37F", "profile_background_image_url": "http://abs.twimg.com/images/themes/theme1/bg.png", "profile_sidebar_border_color": "FFFFFF", "profile_use_background_image": true, "profile_background_image_url_https": "https://abs.twimg.com/images/themes/theme1/bg.png"}, "place": null, "id_str": "1584306781530230784", "source": "<a href=\"http://twitter.com/download/iphone\" rel=\"nofollow\">Twitter for iPhone</a>", "entities": {"urls": [], "media": [{"id": 1584306754988408838, "url": "https://t.co/kWYq4GqRNp", "type": "photo", "sizes": {"large": {"h": 352, "w": 640, "resize": "fit"}, "small": {"h": 352, "w": 640, "resize": "fit"}, "thumb": {"h": 150, "w": 150, "resize": "crop"}, "medium": {"h": 352, "w": 640, "resize": "fit"}}, "id_str": "1584306754988408838", "indices": [41, 64], "media_url": "http://pbs.twimg.com/ext_tw_video_thumb/1584306754988408838/pu/img/-RzSnr1PGItcqETD.jpg", "display_url": "pic.twitter.com/kWYq4GqRNp", "expanded_url": "https://twitter.com/jairbolsonaro/status/1584306781530230784/video/1", "media_url_https": "https://pbs.twimg.com/ext_tw_video_thumb/1584306754988408838/pu/img/-RzSnr1PGItcqETD.jpg"}], "symbols": [], "hashtags": [], "user_mentions": []}, "favorited": false, "retweeted": false, "truncated": false, "created_at": "Sun Oct 23 22:12:26 +0000 2022", "coordinates": null, "contributors": null, "retweet_count": 20301, "favorite_count": 114488, "is_quote_status": false, "extended_entities": {"media": [{"id": 1584306754988408838, "url": "https://t.co/kWYq4GqRNp", "type": "video", "sizes": {"large": {"h": 352, "w": 640, "resize": "fit"}, "small": {"h": 352, "w": 640, "resize": "fit"}, "thumb": {"h": 150, "w": 150, "resize": "crop"}, "medium": {"h": 352, "w": 640, "resize": "fit"}}, "id_str": "1584306754988408838", "indices": [41, 64], "media_url": "http://pbs.twimg.com/ext_tw_video_thumb/1584306754988408838/pu/img/-RzSnr1PGItcqETD.jpg", "video_info": {"variants": [{"url": "https://video.twimg.com/ext_tw_video/1584306754988408838/pu/pl/oqDvXz4RmbG9XgfQ.m3u8?tag=12&container=fmp4", "content_type": "application/x-mpegURL"}, {"url": "https://video.twimg.com/ext_tw_video/1584306754988408838/pu/vid/640x352/1cY_9zPP6oVl2DgT.mp4?tag=12", "bitrate": 832000, "content_type": "video/mp4"}, {"url": "https://video.twimg.com/ext_tw_video/1584306754988408838/pu/vid/490x270/2Vtf6imXUmHrZJvG.mp4?tag=12", "bitrate": 256000, "content_type": "video/mp4"}], "aspect_ratio": [20, 11], "duration_millis": 16623}, "display_url": "pic.twitter.com/kWYq4GqRNp", "expanded_url": "https://twitter.com/jairbolsonaro/status/1584306781530230784/video/1", "media_url_https": "https://pbs.twimg.com/ext_tw_video_thumb/1584306754988408838/pu/img/-RzSnr1PGItcqETD.jpg", "additional_media_info": {"monetizable": false}}]}, "possibly_sensitive": false, "in_reply_to_user_id": null, "in_reply_to_status_id": null, "in_reply_to_screen_name": null, "in_reply_to_user_id_str": null, "in_reply_to_status_id_str": null}, "extended_entities": {"media": [{"id": 1584306754988408838, "url": "https://t.co/kWYq4GqRNp", "type": "video", "sizes": {"large": {"h": 352, "w": 640, "resize": "fit"}, "small": {"h": 352, "w": 640, "resize": "fit"}, "thumb": {"h": 150, "w": 150, "resize": "crop"}, "medium": {"h": 352, "w": 640, "resize": "fit"}}, "id_str": "1584306754988408838", "indices": [60, 83], "media_url": "http://pbs.twimg.com/ext_tw_video_thumb/1584306754988408838/pu/img/-RzSnr1PGItcqETD.jpg", "video_info": {"variants": [{"url": "https://video.twimg.com/ext_tw_video/1584306754988408838/pu/pl/oqDvXz4RmbG9XgfQ.m3u8?tag=12&container=fmp4", "content_type": "application/x-mpegURL"}, {"url": "https://video.twimg.com/ext_tw_video/1584306754988408838/pu/vid/640x352/1cY_9zPP6oVl2DgT.mp4?tag=12", "bitrate": 832000, "content_type": "video/mp4"}, {"url": "https://video.twimg.com/ext_tw_video/1584306754988408838/pu/vid/490x270/2Vtf6imXUmHrZJvG.mp4?tag=12", "bitrate": 256000, "content_type": "video/mp4"}], "aspect_ratio": [20, 11], "duration_millis": 16623}, "display_url": "pic.twitter.com/kWYq4GqRNp", "expanded_url": "https://twitter.com/jairbolsonaro/status/1584306781530230784/video/1", "source_user_id": 128372940, "media_url_https": "https://pbs.twimg.com/ext_tw_video_thumb/1584306754988408838/pu/img/-RzSnr1PGItcqETD.jpg", "source_status_id": 1584306781530230784, "source_user_id_str": "128372940", "source_status_id_str": "1584306781530230784", "additional_media_info": {"monetizable": false, "source_user": {"id": 128372940, "url": "https://t.co/DzletgH0tv", "lang": null, "name": "Jair M. Bolsonaro 2\ufe0f\u20e32\ufe0f\u20e3", "id_str": "128372940", "entities": {"url": {"urls": [{"url": "https://t.co/DzletgH0tv", "indices": [0, 23], "display_url": "t.me/jairbolsonarob\u2026", "expanded_url": "https://t.me/jairbolsonarobrasil"}]}, "description": {"urls": []}}, "location": "Bras\u00edlia, Brasil", "verified": true, "following": false, "protected": false, "time_zone": null, "created_at": "Wed Mar 31 23:13:44 +0000 2010", "utc_offset": null, "description": "Capit\u00e3o Paraquedista do Ex\u00e9rcito Brasileiro. Presidente da Rep\u00fablica Federativa do Brasil. Candidato \u00e0 reelei\u00e7\u00e3o com o n\u00famero 2\u20e32\u20e3.", "geo_enabled": false, "screen_name": "jairbolsonaro", "listed_count": 8722, "friends_count": 557, "is_translator": false, "notifications": false, "statuses_count": 15357, "default_profile": false, "followers_count": 10168585, "translator_type": "none", "favourites_count": 5977, "profile_image_url": "http://pbs.twimg.com/profile_images/1559734581942800385/qtN3jE9H_normal.jpg", "profile_banner_url": "https://pbs.twimg.com/profile_banners/128372940/1663337696", "profile_link_color": "0084B4", "profile_text_color": "1414FF", "follow_request_sent": false, "contributors_enabled": false, "has_extended_profile": true, "default_profile_image": false, "withheld_in_countries": [], "is_translation_enabled": false, "profile_background_tile": false, "profile_image_url_https": "https://pbs.twimg.com/profile_images/1559734581942800385/qtN3jE9H_normal.jpg", "profile_background_color": "175C17", "profile_sidebar_fill_color": "A4E37F", "profile_background_image_url": "http://abs.twimg.com/images/themes/theme1/bg.png", "profile_sidebar_border_color": "FFFFFF", "profile_use_background_image": true, "profile_background_image_url_https": "https://abs.twimg.com/images/themes/theme1/bg.png"}}}]}, "possibly_sensitive": false, "in_reply_to_user_id": null, "in_reply_to_status_id": null, "in_reply_to_screen_name": null, "in_reply_to_user_id_str": null, "in_reply_to_status_id_str": null}